{"id":99950,"date":"2025-03-02T10:23:19","date_gmt":"2025-03-02T13:23:19","guid":{"rendered":"https:\/\/tvc16.com\/portal\/?p=99950"},"modified":"2025-03-02T10:23:22","modified_gmt":"2025-03-02T13:23:22","slug":"polo-de-inovacao-tecnologica-sera-instalado-no-predio-do-antigo-cafe-soluvel-na-br-040","status":"publish","type":"post","link":"https:\/\/tvc16.com\/portal\/2025\/03\/02\/polo-de-inovacao-tecnologica-sera-instalado-no-predio-do-antigo-cafe-soluvel-na-br-040\/","title":{"rendered":"Polo de inova\u00e7\u00e3o tecnol\u00f3gica ser\u00e1 instalado no pr\u00e9dio do antigo Caf\u00e9 Sol\u00favel, na BR-040"},"content":{"rendered":"\n<p><em>Movimento Petr\u00f3polis 2030 celebra passo importante, uma das pautas defendidas pelos empres\u00e1rios<\/em><\/p>\n\n\n\n<p>O Movimento Empresarial Petr\u00f3polis 2030 comemora um marco significativo para o futuro econ\u00f4mico da cidade: a implanta\u00e7\u00e3o de um polo de inova\u00e7\u00e3o tecnol\u00f3gica no pr\u00e9dio do antigo Caf\u00e9 Sol\u00favel, \u00e0s margens da BR-040, um projeto capitaneado pelo governo do Estado. Esta iniciativa vem ao encontro da voca\u00e7\u00e3o tecnol\u00f3gica da cidade e atende a pautas defendidas pelo movimento empresarial, uma uni\u00e3o de entidades, sobretudo empresariais, em prol de estabelecer metas para o desenvolvimento da cidade.<\/p>\n\n\n\n<p>O andamento do projeto foi apresentado nesta ter\u00e7a-feira (25) por Maur\u00edcio Guedes, superintendente de Inova\u00e7\u00e3o e Sustentabilidade da Secretaria estadual de Desenvolvimento Econ\u00f4mico, que anunciou avan\u00e7os expressivos no processo de concretiza\u00e7\u00e3o do polo tecnol\u00f3gico. &nbsp;A iniciativa ser\u00e1 viabilizada por meio de uma parceria entre o setor p\u00fablico e privado.<\/p>\n\n\n\n<p>Diferentemente de polos voltados exclusivamente \u00e0 Tecnologia da Informa\u00e7\u00e3o (TI), esta nova estrutura abrigar\u00e1 um ecossistema de inova\u00e7\u00e3o diversificado que pode atender a diferentes segmentos econ\u00f4micos. O projeto contempla um centro de pesquisas, startups, audit\u00f3rios e um espa\u00e7o para acomoda\u00e7\u00e3o e conveni\u00eancia destinado aos profissionais e frequentadores do local.<\/p>\n\n\n\n<p>Institui\u00e7\u00f5es como Firjan, CDL, Faetec, Faeterj e Acep est\u00e3o mobilizadas na forma\u00e7\u00e3o de um grupo estrat\u00e9gico para impulsionar o projeto. Este grupo de trabalho \u00e9 composto por representantes da Secretaria Estadual de Desenvolvimento Econ\u00f4mico e \u00f3rg\u00e3os da prefeitura, acompanhando cada etapa da implementa\u00e7\u00e3o.<\/p>\n\n\n\n<p>Petr\u00f3polis teve sua voca\u00e7\u00e3o para a tecnologia identificada em 1999, ap\u00f3s estudo que apontou as condi\u00e7\u00f5es ideais para que a cidade fosse uma \u201cPetr\u00f3polis Tecn\u00f3polis\u201d, se transformando no que hoje \u00e9 o Serratec, pilar do desenvolvimento tecnol\u00f3gico da Regi\u00e3o Serrana, congregando mais de 400 empresas que faturam, juntas, mais de R$ 1,1 bilh\u00e3o anualmente e geram cerca de 5 mil empregos em munic\u00edpios como Petr\u00f3polis, Teres\u00f3polis e Areal.<\/p>\n\n\n\n<p>Toda essa estrutura partiu de um projeto \u00e2ncora, o Laborat\u00f3rio Nacional de Computa\u00e7\u00e3o Cient\u00edfica (LNCC), onde est\u00e1 hoje instalado o supercomputador Santos Dumont, o mais potente da Am\u00e9rica Latina. Esse hist\u00f3rico de avan\u00e7os e iniciativas refor\u00e7a o posicionamento de Petr\u00f3polis como um polo de refer\u00eancia em inova\u00e7\u00e3o tecnol\u00f3gica no Brasil.<\/p>\n\n\n\n<p>Claudio Mohammad, presidente da C\u00e2mara de Dirigentes Lojistas de Petr\u00f3polis (CDL) e l\u00edder do Movimento Empresarial Petr\u00f3polis 2030, enfatizou o impacto positivo da iniciativa: &#8220;Este \u00e9 um passo transformador para a economia da nossa cidade. A implanta\u00e7\u00e3o do polo de inova\u00e7\u00e3o tecnol\u00f3gica potencializar\u00e1 investimentos, fomentar\u00e1 a gera\u00e7\u00e3o de empregos qualificados e consolidar\u00e1 Petr\u00f3polis como um epicentro de desenvolvimento tecnol\u00f3gico no estado do Rio de Janeiro&#8221;.<\/p>\n","protected":false},"excerpt":{"rendered":"<p>Movimento Petr\u00f3polis 2030 celebra passo importante, uma das pautas defendidas pelos empres\u00e1rios O Movimento Empresarial<\/p>\n","protected":false},"author":2,"featured_media":99951,"comment_status":"open","ping_status":"open","sticky":false,"template":"","format":"standard","meta":{"footnotes":""},"categories":[12],"tags":[],"class_list":["post-99950","post","type-post","status-publish","format-standard","has-post-thumbnail","hentry","category-cidade"],"_links":{"self":[{"href":"https:\/\/tvc16.com\/portal\/wp-json\/wp\/v2\/posts\/99950","targetHints":{"allow":["GET"]}}],"collection":[{"href":"https:\/\/tvc16.com\/portal\/wp-json\/wp\/v2\/posts"}],"about":[{"href":"https:\/\/tvc16.com\/portal\/wp-json\/wp\/v2\/types\/post"}],"author":[{"embeddable":true,"href":"https:\/\/tvc16.com\/portal\/wp-json\/wp\/v2\/users\/2"}],"replies":[{"embeddable":true,"href":"https:\/\/tvc16.com\/portal\/wp-json\/wp\/v2\/comments?post=99950"}],"version-history":[{"count":1,"href":"https:\/\/tvc16.com\/portal\/wp-json\/wp\/v2\/posts\/99950\/revisions"}],"predecessor-version":[{"id":99952,"href":"https:\/\/tvc16.com\/portal\/wp-json\/wp\/v2\/posts\/99950\/revisions\/99952"}],"wp:featuredmedia":[{"embeddable":true,"href":"https:\/\/tvc16.com\/portal\/wp-json\/wp\/v2\/media\/99951"}],"wp:attachment":[{"href":"https:\/\/tvc16.com\/portal\/wp-json\/wp\/v2\/media?parent=99950"}],"wp:term":[{"taxonomy":"category","embeddable":true,"href":"https:\/\/tvc16.com\/portal\/wp-json\/wp\/v2\/categories?post=99950"},{"taxonomy":"post_tag","embeddable":true,"href":"https:\/\/tvc16.com\/portal\/wp-json\/wp\/v2\/tags?post=99950"}],"curies":[{"name":"wp","href":"https:\/\/api.w.org\/{rel}","templated":true}]}}