{"id":99953,"date":"2025-02-28T10:43:02","date_gmt":"2025-02-28T13:43:02","guid":{"rendered":"https:\/\/tvc16.com\/portal\/?p=99953"},"modified":"2025-02-28T10:43:04","modified_gmt":"2025-02-28T13:43:04","slug":"camara-acompanha-caso-de-bullying-abre-canal-de-contato-e-ira-reforcar-legislacao-sobre-o-tema","status":"publish","type":"post","link":"https:\/\/tvc16.com\/portal\/2025\/02\/28\/camara-acompanha-caso-de-bullying-abre-canal-de-contato-e-ira-reforcar-legislacao-sobre-o-tema\/","title":{"rendered":"C\u00e2mara acompanha caso de bullying, abre canal de contato e ir\u00e1 refor\u00e7ar legisla\u00e7\u00e3o sobre o tema"},"content":{"rendered":"\n<p><em>Lei de 2011 prev\u00ea medidas de conscientiza\u00e7\u00e3o, preven\u00e7\u00e3o e combate ao bullying dentro das escolas<\/em><\/p>\n\n\n\n<p>A Comiss\u00e3o de Educa\u00e7\u00e3o, Assist\u00eancia Social e Defesa dos Direitos Humanos da C\u00e2mara Municipal est\u00e1 abrindo canal de contato com a sociedade sobre a viol\u00eancia nas escolas e ir\u00e1 avaliar a atualiza\u00e7\u00e3o da lei municipal 6858\/2011, que estabelece as medidas de conscientiza\u00e7\u00e3o, preven\u00e7\u00e3o e combate ao bullying escolar na rede municipal de ensino. As medidas foram anunciadas pela presidente da Comiss\u00e3o, vereadora Professora L\u00edvia Miranda; e pelo vereador, Thiago Damaceno, que tamb\u00e9m integra a comiss\u00e3o, nesta quinta-feira (27).<\/p>\n\n\n\n<p>L\u00edvia e Damaceno se reuniram para debater o assunto ap\u00f3s a imprensa noticiar uma investiga\u00e7\u00e3o da Pol\u00edcia Civil sobre um caso de bullying ocorrido em um col\u00e9gio do munic\u00edpio, no qual um aluno teria incentivado um colega a se automutilar: a v\u00edtima teria que \u201cengolir uma l\u00e2mina de tr\u00eas pontas\u201d, sob pena de ter dados privados expostos \u2013 pr\u00e1tica conhecida como \u201cdoxxing\u201d.<\/p>\n\n\n\n<p>A legisla\u00e7\u00e3o sobre o combate ao bullying est\u00e1 vigente e estabelece que as escolas p\u00fablicas do munic\u00edpio devem incluir em seu projeto pedag\u00f3gico medidas de conscientiza\u00e7\u00e3o, preven\u00e7\u00e3o e combate ao constrangimento, capacitando docentes e equipe pedag\u00f3gica para estas a\u00e7\u00f5es, al\u00e9m de orientar as crian\u00e7as envolvidas nestas pr\u00e1ticas, visando recuperar a autoestima, o desenvolvimento humano e a conviv\u00eancia harm\u00f4nica no ambiente escolar.<\/p>\n\n\n\n<p>\u201cEsta \u00e9 uma lei de 2011 que instituiu uma pol\u00edtica de combate ao bullying e acolhimento aos alunos na rede municipal, com a\u00e7\u00f5es realizadas na pr\u00e1tica. Agora, precisamos avaliar e debater a atualiza\u00e7\u00e3o dessa legisla\u00e7\u00e3o, uma vez que houve uma mudan\u00e7a profunda at\u00e9 nas rela\u00e7\u00f5es interpessoais ao longo desses \u00faltimos 14 anos&#8221;, disse o vereador Thiago Damaceno, autor do projeto.<\/p>\n\n\n\n<p>A presidente da Comiss\u00e3o, vereadora L\u00edvia Miranda, abriu canal de contato atrav\u00e9s de WhatsApp, por meio do n\u00famero (24) 9-9211-7520, e destacou a necessidade de toda a sociedade estar unida para debater o tema. \u201cVamos dialogar com quem quiser debater as quest\u00f5es que se relacionam \u00e0 viol\u00eancia que chega nas escolas. N\u00e3o podemos aceitar que a escola se torne um local de viol\u00eancia. Ao contr\u00e1rio: escola \u00e9 espa\u00e7o de encontro, felicidade e aprendizado\u201d, disse.<\/p>\n","protected":false},"excerpt":{"rendered":"<p>Lei de 2011 prev\u00ea medidas de conscientiza\u00e7\u00e3o, preven\u00e7\u00e3o e combate ao bullying dentro das escolas<\/p>\n","protected":false},"author":2,"featured_media":99954,"comment_status":"open","ping_status":"open","sticky":false,"template":"","format":"standard","meta":{"footnotes":""},"categories":[12],"tags":[],"class_list":["post-99953","post","type-post","status-publish","format-standard","has-post-thumbnail","hentry","category-cidade"],"_links":{"self":[{"href":"https:\/\/tvc16.com\/portal\/wp-json\/wp\/v2\/posts\/99953","targetHints":{"allow":["GET"]}}],"collection":[{"href":"https:\/\/tvc16.com\/portal\/wp-json\/wp\/v2\/posts"}],"about":[{"href":"https:\/\/tvc16.com\/portal\/wp-json\/wp\/v2\/types\/post"}],"author":[{"embeddable":true,"href":"https:\/\/tvc16.com\/portal\/wp-json\/wp\/v2\/users\/2"}],"replies":[{"embeddable":true,"href":"https:\/\/tvc16.com\/portal\/wp-json\/wp\/v2\/comments?post=99953"}],"version-history":[{"count":1,"href":"https:\/\/tvc16.com\/portal\/wp-json\/wp\/v2\/posts\/99953\/revisions"}],"predecessor-version":[{"id":99955,"href":"https:\/\/tvc16.com\/portal\/wp-json\/wp\/v2\/posts\/99953\/revisions\/99955"}],"wp:featuredmedia":[{"embeddable":true,"href":"https:\/\/tvc16.com\/portal\/wp-json\/wp\/v2\/media\/99954"}],"wp:attachment":[{"href":"https:\/\/tvc16.com\/portal\/wp-json\/wp\/v2\/media?parent=99953"}],"wp:term":[{"taxonomy":"category","embeddable":true,"href":"https:\/\/tvc16.com\/portal\/wp-json\/wp\/v2\/categories?post=99953"},{"taxonomy":"post_tag","embeddable":true,"href":"https:\/\/tvc16.com\/portal\/wp-json\/wp\/v2\/tags?post=99953"}],"curies":[{"name":"wp","href":"https:\/\/api.w.org\/{rel}","templated":true}]}}