{"id":99956,"date":"2025-03-01T06:00:00","date_gmt":"2025-03-01T09:00:00","guid":{"rendered":"https:\/\/tvc16.com\/portal\/?p=99956"},"modified":"2025-02-28T11:47:06","modified_gmt":"2025-02-28T14:47:06","slug":"folia-para-toda-a-familia-itaipava-tem-programacao-gratuita-com-carnaval-au-au-e-carnaval-do-taruira","status":"publish","type":"post","link":"https:\/\/tvc16.com\/portal\/2025\/03\/01\/folia-para-toda-a-familia-itaipava-tem-programacao-gratuita-com-carnaval-au-au-e-carnaval-do-taruira\/","title":{"rendered":"Folia para toda a fam\u00edlia: Itaipava tem programa\u00e7\u00e3o gratuita com Carnaval Au Au e Carnaval do Taru\u00edra"},"content":{"rendered":"\n<p><em>Programa\u00e7\u00e3o come\u00e7a no dia 1\u00ba e segue at\u00e9 o dia 4\u00ba de mar\u00e7o com muita m\u00fasica boa<\/em><\/p>\n\n\n\n<p>Foto: Thayn\u00e1 Delgado<\/p>\n\n\n\n<p><\/p>\n\n\n\n<p>Preparem as serpentinas,&nbsp;caprichem na fantasia e tragam a energia l\u00e1 no alto: o carnaval do Shopping Vilarejo, em Itaipava, est\u00e1 chegando com uma programa\u00e7\u00e3o que garante alegria sem fim para toda a fam\u00edlia! De 1\u00ba a 4 de mar\u00e7o, a folia vai tomar conta de Itaipava com muita m\u00fasica, descontra\u00e7\u00e3o e um toque especial, onde os amigos de quatro patas tamb\u00e9m est\u00e3o convidados para pular carnaval.<\/p>\n\n\n\n<p>A abertura da folia acontece no s\u00e1bado (1\/3), \u00e0s 15h, com o aguardado Carnaval AuAu, que chega \u00e0 sua segunda edi\u00e7\u00e3o j\u00e1 como um dos eventos favoritos dos foli\u00f5es. Os bichinhos v\u00e3o desfilar suas fantasias mais criativas ao lado de seus tutores em uma competi\u00e7\u00e3o divertida e cheia de fofura. A dupla de pet e humano com a fantasia mais original vai levar para casa um overboard (patinete el\u00e9trico) e, claro, muitas mem\u00f3rias carnavalescas para guardar no cora\u00e7\u00e3o.<\/p>\n\n\n\n<p>&#8220;Estamos muito felizes em realizar mais uma edi\u00e7\u00e3o do Carnaval AuAu, um evento que celebra a alegria, o carinho e a conex\u00e3o especial entre pets e seus tutores. \u00c9 um momento \u00fanico para as fam\u00edlias se divertirem juntas, e para n\u00f3s, da Be Happy, \u00e9 gratificante contribuir para essa festa inclusiva, refor\u00e7ando o compromisso com o bem-estar animal e o melhor: colocar a fam\u00edlia toda para pular carnaval&#8221;, destaca a veterin\u00e1ria Hazel Hathaway, propriet\u00e1ria da Be Happy, cl\u00ednica e petshop que idealizou o evento.<\/p>\n\n\n\n<p>E como carnaval sem m\u00fasica n\u00e3o existe, o Taru\u00edra chega para comandar o bailinho na Pra\u00e7a do Sol de domingo (2\/3) a ter\u00e7a-feira (4\/3), sempre das 17h \u00e0s 21h. O grupo, que j\u00e1 virou s\u00edmbolo da folia no Vilarejo, vai trazer um repert\u00f3rio que mistura marchinhas tradicionais, sambas e choros, criando uma trilha sonora perfeita para o p\u00fablico dan\u00e7ar, cantar e reviver os carnavais de rua de antigamente. E o melhor: tudo isso com convidados especiais para deixar a festa ainda mais animada.<\/p>\n\n\n\n<p>&#8220;O Carnaval do Taru\u00edra j\u00e1 virou tradi\u00e7\u00e3o e \u00e9 sempre emocionante ver a Pra\u00e7a do Sol cheia de alegria e m\u00fasica. Este ano preparamos um repert\u00f3rio especial para fazer todo mundo cantar e dan\u00e7ar junto. Vai ser uma festa inesquec\u00edvel!&#8221;, promete o m\u00fasico Breno Morais, saxofonista e integrante do grupo.<\/p>\n\n\n\n<p>Toda a programa\u00e7\u00e3o \u00e9 gratuita e pensada para agradar todas as idades, com um ambiente seguro, acolhedor e cheio de charme. &#8220;Eventos como o Carnaval do Vilarejo mostram o quanto o shopping \u00e9 um espa\u00e7o vivo, que abra\u00e7a as fam\u00edlias, os amigos e os pets. A ideia \u00e9 que todos possam aproveitar a festa juntos, se divertindo com m\u00fasica de qualidade e muita descontra\u00e7\u00e3o&#8221;, destaca Tiago Corr\u00eaa, administrador do shopping.<\/p>\n\n\n\n<p><strong>Servi\u00e7o: Carnaval do Vilarejo<\/strong><\/p>\n\n\n\n<p><strong>Carnaval Au Au<\/strong>&nbsp;&nbsp;<strong><\/strong><strong><\/strong><\/p>\n\n\n\n<p><br><img decoding=\"async\" alt=\"\ud83d\udcc5\" src=\"https:\/\/fonts.gstatic.com\/s\/e\/notoemoji\/16.0\/1f4c5\/32.png\">&nbsp;<strong>Data<\/strong>: 1\u00ba de mar\u00e7o\/ s\u00e1bado<\/p>\n\n\n\n<p><img decoding=\"async\" alt=\"\ud83d\udd52\" src=\"https:\/\/fonts.gstatic.com\/s\/e\/notoemoji\/16.0\/1f552\/32.png\">&nbsp;<strong>Hor\u00e1rio:&nbsp;<\/strong>15h<\/p>\n\n\n\n<p><img decoding=\"async\" alt=\"\ud83c\udf9f\" src=\"https:\/\/fonts.gstatic.com\/s\/e\/notoemoji\/16.0\/1f39f\/32.png\">&nbsp;<strong>Entrada<\/strong>: Gratuita<\/p>\n\n\n\n<p><strong>Carnaval Taru\u00edra&nbsp;<\/strong><strong><\/strong><\/p>\n\n\n\n<p><img decoding=\"async\" alt=\"\ud83d\udcc5\" src=\"https:\/\/fonts.gstatic.com\/s\/e\/notoemoji\/16.0\/1f4c5\/32.png\">&nbsp;<strong>Data<\/strong>: 2, 3 e 4 de mar\u00e7o\/domingo, segunda e ter\u00e7a<\/p>\n\n\n\n<p><img decoding=\"async\" alt=\"\ud83d\udd52\" src=\"https:\/\/fonts.gstatic.com\/s\/e\/notoemoji\/16.0\/1f552\/32.png\">&nbsp;<strong>Hor\u00e1rio:&nbsp;<\/strong>17h \u00e0s 21h<\/p>\n\n\n\n<p><img decoding=\"async\" alt=\"\ud83c\udf9f\" src=\"https:\/\/fonts.gstatic.com\/s\/e\/notoemoji\/16.0\/1f39f\/32.png\">&nbsp;<strong>Entrada<\/strong>: Gratuita<\/p>\n\n\n\n<p><br><img decoding=\"async\" alt=\"\ud83d\udccd\" src=\"https:\/\/fonts.gstatic.com\/s\/e\/notoemoji\/16.0\/1f4cd\/32.png\">&nbsp;<strong>Local<\/strong>: Shopping Vilarejo \u2013 Estrada Uni\u00e3o e Ind\u00fastria, 10.035 \u2013 Itaipava<br><\/p>\n\n\n\n<p><strong>Hor\u00e1rio de funcionamento do shopping:<\/strong><\/p>\n\n\n\n<p>\u25cf&nbsp;&nbsp;&nbsp;&nbsp;&nbsp;&nbsp;&nbsp;&nbsp;<strong>Ter\u00e7a-feira<\/strong>: 14h \u00e0s 19h<\/p>\n\n\n\n<p>\u25cf&nbsp;&nbsp;&nbsp;&nbsp;&nbsp;&nbsp;&nbsp;&nbsp;<strong>Quarta a Sexta-feira<\/strong>: 10h \u00e0s 19h<\/p>\n\n\n\n<p>\u25cf&nbsp;&nbsp;&nbsp;&nbsp;&nbsp;&nbsp;&nbsp;&nbsp;<strong>S\u00e1bado<\/strong>: 10h \u00e0s 20h<\/p>\n\n\n\n<p>\u25cf&nbsp;&nbsp;&nbsp;&nbsp;&nbsp;&nbsp;&nbsp;&nbsp;<strong>Domingo<\/strong>: 10h \u00e0s 18h<\/p>\n\n\n\n<p><img decoding=\"async\" alt=\"\ud83d\udcf2\" src=\"https:\/\/fonts.gstatic.com\/s\/e\/notoemoji\/16.0\/1f4f2\/32.png\">&nbsp;<strong>Mais informa\u00e7\u00f5es<\/strong>: @shoppingvilarejo no Instagram<\/p>\n","protected":false},"excerpt":{"rendered":"<p>Programa\u00e7\u00e3o come\u00e7a no dia 1\u00ba e segue at\u00e9 o dia 4\u00ba de mar\u00e7o com muita<\/p>\n","protected":false},"author":2,"featured_media":99957,"comment_status":"open","ping_status":"open","sticky":false,"template":"","format":"standard","meta":{"footnotes":""},"categories":[12],"tags":[],"class_list":["post-99956","post","type-post","status-publish","format-standard","has-post-thumbnail","hentry","category-cidade"],"_links":{"self":[{"href":"https:\/\/tvc16.com\/portal\/wp-json\/wp\/v2\/posts\/99956","targetHints":{"allow":["GET"]}}],"collection":[{"href":"https:\/\/tvc16.com\/portal\/wp-json\/wp\/v2\/posts"}],"about":[{"href":"https:\/\/tvc16.com\/portal\/wp-json\/wp\/v2\/types\/post"}],"author":[{"embeddable":true,"href":"https:\/\/tvc16.com\/portal\/wp-json\/wp\/v2\/users\/2"}],"replies":[{"embeddable":true,"href":"https:\/\/tvc16.com\/portal\/wp-json\/wp\/v2\/comments?post=99956"}],"version-history":[{"count":1,"href":"https:\/\/tvc16.com\/portal\/wp-json\/wp\/v2\/posts\/99956\/revisions"}],"predecessor-version":[{"id":99958,"href":"https:\/\/tvc16.com\/portal\/wp-json\/wp\/v2\/posts\/99956\/revisions\/99958"}],"wp:featuredmedia":[{"embeddable":true,"href":"https:\/\/tvc16.com\/portal\/wp-json\/wp\/v2\/media\/99957"}],"wp:attachment":[{"href":"https:\/\/tvc16.com\/portal\/wp-json\/wp\/v2\/media?parent=99956"}],"wp:term":[{"taxonomy":"category","embeddable":true,"href":"https:\/\/tvc16.com\/portal\/wp-json\/wp\/v2\/categories?post=99956"},{"taxonomy":"post_tag","embeddable":true,"href":"https:\/\/tvc16.com\/portal\/wp-json\/wp\/v2\/tags?post=99956"}],"curies":[{"name":"wp","href":"https:\/\/api.w.org\/{rel}","templated":true}]}}