{"id":99964,"date":"2025-02-28T11:05:42","date_gmt":"2025-02-28T14:05:42","guid":{"rendered":"https:\/\/tvc16.com\/portal\/?p=99964"},"modified":"2025-02-28T11:05:44","modified_gmt":"2025-02-28T14:05:44","slug":"policia-civil-prende-homem-por-injuria-e-ameaca-em-nova-friburgo","status":"publish","type":"post","link":"https:\/\/tvc16.com\/portal\/2025\/02\/28\/policia-civil-prende-homem-por-injuria-e-ameaca-em-nova-friburgo\/","title":{"rendered":"Pol\u00edcia Civil prende homem por inj\u00faria e amea\u00e7a em Nova Friburgo"},"content":{"rendered":"\n<p>Policiais civis da Delegacia de Atendimento \u00e0 Mulher de Nova Friburgo (Deam Nova Friburgo) prenderam um homem, momentos depois dele ter praticado os crimes de inj\u00faria e amea\u00e7a contra sua companheira. A pris\u00e3o aconteceu nesta quinta-feira (27\/02), em Nova Friburgo.<\/p>\n\n\n\n<p>De acordo com os agentes, o crime aconteceu no local de trabalho da mulher e foi registrado pelo circuito interno de c\u00e2meras do local. T\u00e3o logo tiveram ci\u00eancia dos fatos, policiais civis da especializada foram at\u00e9 o endere\u00e7o comercial do autor, onde o capturaram. Questionado pelos policiais ele confessou ter cometido os crimes.<\/p>\n","protected":false},"excerpt":{"rendered":"<p>Policiais civis da Delegacia de Atendimento \u00e0 Mulher de Nova Friburgo (Deam Nova Friburgo) prenderam<\/p>\n","protected":false},"author":2,"featured_media":98690,"comment_status":"open","ping_status":"open","sticky":false,"template":"","format":"standard","meta":{"footnotes":""},"categories":[17],"tags":[],"class_list":["post-99964","post","type-post","status-publish","format-standard","has-post-thumbnail","hentry","category-outras-noticias"],"_links":{"self":[{"href":"https:\/\/tvc16.com\/portal\/wp-json\/wp\/v2\/posts\/99964","targetHints":{"allow":["GET"]}}],"collection":[{"href":"https:\/\/tvc16.com\/portal\/wp-json\/wp\/v2\/posts"}],"about":[{"href":"https:\/\/tvc16.com\/portal\/wp-json\/wp\/v2\/types\/post"}],"author":[{"embeddable":true,"href":"https:\/\/tvc16.com\/portal\/wp-json\/wp\/v2\/users\/2"}],"replies":[{"embeddable":true,"href":"https:\/\/tvc16.com\/portal\/wp-json\/wp\/v2\/comments?post=99964"}],"version-history":[{"count":1,"href":"https:\/\/tvc16.com\/portal\/wp-json\/wp\/v2\/posts\/99964\/revisions"}],"predecessor-version":[{"id":99965,"href":"https:\/\/tvc16.com\/portal\/wp-json\/wp\/v2\/posts\/99964\/revisions\/99965"}],"wp:featuredmedia":[{"embeddable":true,"href":"https:\/\/tvc16.com\/portal\/wp-json\/wp\/v2\/media\/98690"}],"wp:attachment":[{"href":"https:\/\/tvc16.com\/portal\/wp-json\/wp\/v2\/media?parent=99964"}],"wp:term":[{"taxonomy":"category","embeddable":true,"href":"https:\/\/tvc16.com\/portal\/wp-json\/wp\/v2\/categories?post=99964"},{"taxonomy":"post_tag","embeddable":true,"href":"https:\/\/tvc16.com\/portal\/wp-json\/wp\/v2\/tags?post=99964"}],"curies":[{"name":"wp","href":"https:\/\/api.w.org\/{rel}","templated":true}]}}