{"id":99968,"date":"2025-02-28T11:09:49","date_gmt":"2025-02-28T14:09:49","guid":{"rendered":"https:\/\/tvc16.com\/portal\/?p=99968"},"modified":"2025-02-28T11:09:52","modified_gmt":"2025-02-28T14:09:52","slug":"manutencao-faz-app-do-fgts-funcionar-parcialmente","status":"publish","type":"post","link":"https:\/\/tvc16.com\/portal\/2025\/02\/28\/manutencao-faz-app-do-fgts-funcionar-parcialmente\/","title":{"rendered":"Manuten\u00e7\u00e3o faz app do FGTS funcionar parcialmente"},"content":{"rendered":"\n<p><em>Servi\u00e7o ser\u00e1 normalizado a partir do dia 4 de mar\u00e7o, informa Caixa<\/em><\/p>\n\n\n\n<p>Por Pedro Peduzzi &#8211; Rep\u00f3rter da Ag\u00eancia Brasil \/ Foto: Jo\u00e9dson Alves\/Ag\u00eancia Brasil<br><\/p>\n\n\n\n<p>A&nbsp;<strong>Caixa Econ\u00f4mica Federal<\/strong>&nbsp;informou que alguns sistemas do aplicativo do&nbsp;<strong>Fundo de Garantia por Tempo de Servi\u00e7o (FGTS)<\/strong>&nbsp;que tratam de antecipa\u00e7\u00e3o do&nbsp;<strong>saque-anivers\u00e1rio<\/strong>, recep\u00e7\u00e3o de&nbsp;<strong>novas solicita\u00e7\u00f5es de saque do FGTS, uso do FGTS na moradia pr\u00f3pria, est\u00e3o em manuten\u00e7\u00e3o<\/strong>, e que, portanto,&nbsp;<strong>n\u00e3o est\u00e3o acess\u00edveis<\/strong>.<img decoding=\"async\" src=\"https:\/\/agenciabrasil.ebc.com.br\/ebc.png?id=1632230&amp;o=node\"><img decoding=\"async\" src=\"https:\/\/agenciabrasil.ebc.com.br\/ebc.gif?id=1632230&amp;o=node\"><\/p>\n\n\n\n<p>Segundo o banco, a situa\u00e7\u00e3o deve se normalizar a partir do dia 4 de mar\u00e7o.<\/p>\n\n\n\n<p>Ainda de Acordo com a&nbsp; Caixa,&nbsp;<strong>o app&nbsp;FGTS est\u00e1&nbsp;dispon\u00edvel para outros servi\u00e7os, como consulta ao extrato do FGTS<\/strong>, consulta a valores de FGTS j\u00e1 liberados para cr\u00e9dito em conta banc\u00e1ria, consulta a valores liberados para saque nos diversos canais de atendimento do banco, al\u00e9m da gera\u00e7\u00e3o do CRF.<\/p>\n","protected":false},"excerpt":{"rendered":"<p>Servi\u00e7o ser\u00e1 normalizado a partir do dia 4 de mar\u00e7o, informa Caixa Por Pedro Peduzzi<\/p>\n","protected":false},"author":2,"featured_media":99969,"comment_status":"open","ping_status":"open","sticky":false,"template":"","format":"standard","meta":{"footnotes":""},"categories":[17],"tags":[],"class_list":["post-99968","post","type-post","status-publish","format-standard","has-post-thumbnail","hentry","category-outras-noticias"],"_links":{"self":[{"href":"https:\/\/tvc16.com\/portal\/wp-json\/wp\/v2\/posts\/99968","targetHints":{"allow":["GET"]}}],"collection":[{"href":"https:\/\/tvc16.com\/portal\/wp-json\/wp\/v2\/posts"}],"about":[{"href":"https:\/\/tvc16.com\/portal\/wp-json\/wp\/v2\/types\/post"}],"author":[{"embeddable":true,"href":"https:\/\/tvc16.com\/portal\/wp-json\/wp\/v2\/users\/2"}],"replies":[{"embeddable":true,"href":"https:\/\/tvc16.com\/portal\/wp-json\/wp\/v2\/comments?post=99968"}],"version-history":[{"count":1,"href":"https:\/\/tvc16.com\/portal\/wp-json\/wp\/v2\/posts\/99968\/revisions"}],"predecessor-version":[{"id":99970,"href":"https:\/\/tvc16.com\/portal\/wp-json\/wp\/v2\/posts\/99968\/revisions\/99970"}],"wp:featuredmedia":[{"embeddable":true,"href":"https:\/\/tvc16.com\/portal\/wp-json\/wp\/v2\/media\/99969"}],"wp:attachment":[{"href":"https:\/\/tvc16.com\/portal\/wp-json\/wp\/v2\/media?parent=99968"}],"wp:term":[{"taxonomy":"category","embeddable":true,"href":"https:\/\/tvc16.com\/portal\/wp-json\/wp\/v2\/categories?post=99968"},{"taxonomy":"post_tag","embeddable":true,"href":"https:\/\/tvc16.com\/portal\/wp-json\/wp\/v2\/tags?post=99968"}],"curies":[{"name":"wp","href":"https:\/\/api.w.org\/{rel}","templated":true}]}}