{"id":99979,"date":"2025-03-01T06:00:00","date_gmt":"2025-03-01T09:00:00","guid":{"rendered":"https:\/\/tvc16.com\/portal\/?p=99979"},"modified":"2025-02-28T11:17:08","modified_gmt":"2025-02-28T14:17:08","slug":"carnaval-2025-governo-do-estado-instala-30-torres-de-seguranca-em-pontos-de-maior-concentracao-de-folioes","status":"publish","type":"post","link":"https:\/\/tvc16.com\/portal\/2025\/03\/01\/carnaval-2025-governo-do-estado-instala-30-torres-de-seguranca-em-pontos-de-maior-concentracao-de-folioes\/","title":{"rendered":"Carnaval 2025: Governo do Estado instala 30 torres de seguran\u00e7a em pontos de maior concentra\u00e7\u00e3o de foli\u00f5es"},"content":{"rendered":"\n<p><em>Com c\u00e2meras de monitoramento e reconhecimento facial, os equipamentos ficar\u00e3o no entorno do Samb\u00f3dromo, na Rua Primeiro de Mar\u00e7o e na Intendente Magalh\u00e3es<\/em><br><br>Para ampliar o monitoramento dos blocos de rua e dos desfiles na Marqu\u00eas de Sapuca\u00ed, o Governo do Estado, por meio da Secretaria de Governo, est\u00e1 instalando 30 torres de seguran\u00e7a em pontos de maior concentra\u00e7\u00e3o de foli\u00f5es. Uma das 6 c\u00e2meras contar\u00e1 com o sistema PTZ (Pan-Tilti-Zoom), que permite movimentos remotos nas dire\u00e7\u00f5es horizontal, vertical e ajustes de zoom. As torres v\u00e3o operar de 28 de fevereiro a 9 de mar\u00e7o, e ser\u00e3o integradas ao Centro Integrado de Comando e Controle (CICC).<br>&#8211; \u00a0Vamos ampliar o monitoramento dos blocos de rua e dos desfiles na Sapuca\u00ed, refor\u00e7ando a atua\u00e7\u00e3o das for\u00e7as de seguran\u00e7a. A tecnologia das c\u00e2meras, incluindo o sistema de reconhecimento facial, nos permitir\u00e1 identificar poss\u00edveis amea\u00e7as e garantir uma festa mais tranquila para os foli\u00f5es. O Rio de Janeiro \u00e9 a capital do Carnaval e estamos trabalhando para que a festividade aconte\u00e7a com ordem e seguran\u00e7a &#8211; afirmou o governador Cl\u00e1udio Castro.<\/p>\n\n\n\n<p>As torres, que contam com c\u00e2meras de monitoramento e reconhecimento facial, ser\u00e3o instaladas em tr\u00eas pontos estrat\u00e9gicos. Ser\u00e3o 10 no entorno do Samb\u00f3dromo, 10 na Rua Primeiro de Mar\u00e7o e 10 na Intendente Magalh\u00e3es. Al\u00e9m de monitorar o movimento nas festividades, as torres poder\u00e3o identificar pessoas com mandado de pris\u00e3o em aberto.<\/p>\n\n\n\n<p>Cada torre contar\u00e1 com 4 c\u00e2meras tipo Bullet na parte da cima, uma c\u00e2mera com o sistema PTZ e uma de reconhecimento facial. Para o secret\u00e1rio de Governo, Andr\u00e9 Moura, a medida \u00e9 fundamental.<\/p>\n\n\n\n<p>&#8211; &nbsp;O monitoramento policial por meio de c\u00e2meras em grandes eventos \u00e9 fundamental para garantir a seguran\u00e7a da popula\u00e7\u00e3o, permitindo a identifica\u00e7\u00e3o r\u00e1pida de situa\u00e7\u00f5es de risco, a preven\u00e7\u00e3o de crimes e uma resposta \u00e1gil a qualquer ocorr\u00eancia &#8211; disse Andr\u00e9 Moura.<\/p>\n","protected":false},"excerpt":{"rendered":"<p>Com c\u00e2meras de monitoramento e reconhecimento facial, os equipamentos ficar\u00e3o no entorno do Samb\u00f3dromo, na<\/p>\n","protected":false},"author":2,"featured_media":51836,"comment_status":"open","ping_status":"open","sticky":false,"template":"","format":"standard","meta":{"footnotes":""},"categories":[17],"tags":[],"class_list":["post-99979","post","type-post","status-publish","format-standard","has-post-thumbnail","hentry","category-outras-noticias"],"_links":{"self":[{"href":"https:\/\/tvc16.com\/portal\/wp-json\/wp\/v2\/posts\/99979","targetHints":{"allow":["GET"]}}],"collection":[{"href":"https:\/\/tvc16.com\/portal\/wp-json\/wp\/v2\/posts"}],"about":[{"href":"https:\/\/tvc16.com\/portal\/wp-json\/wp\/v2\/types\/post"}],"author":[{"embeddable":true,"href":"https:\/\/tvc16.com\/portal\/wp-json\/wp\/v2\/users\/2"}],"replies":[{"embeddable":true,"href":"https:\/\/tvc16.com\/portal\/wp-json\/wp\/v2\/comments?post=99979"}],"version-history":[{"count":1,"href":"https:\/\/tvc16.com\/portal\/wp-json\/wp\/v2\/posts\/99979\/revisions"}],"predecessor-version":[{"id":99980,"href":"https:\/\/tvc16.com\/portal\/wp-json\/wp\/v2\/posts\/99979\/revisions\/99980"}],"wp:featuredmedia":[{"embeddable":true,"href":"https:\/\/tvc16.com\/portal\/wp-json\/wp\/v2\/media\/51836"}],"wp:attachment":[{"href":"https:\/\/tvc16.com\/portal\/wp-json\/wp\/v2\/media?parent=99979"}],"wp:term":[{"taxonomy":"category","embeddable":true,"href":"https:\/\/tvc16.com\/portal\/wp-json\/wp\/v2\/categories?post=99979"},{"taxonomy":"post_tag","embeddable":true,"href":"https:\/\/tvc16.com\/portal\/wp-json\/wp\/v2\/tags?post=99979"}],"curies":[{"name":"wp","href":"https:\/\/api.w.org\/{rel}","templated":true}]}}