{"id":99981,"date":"2025-03-01T07:00:00","date_gmt":"2025-03-01T10:00:00","guid":{"rendered":"https:\/\/tvc16.com\/portal\/?p=99981"},"modified":"2025-02-28T11:31:41","modified_gmt":"2025-02-28T14:31:41","slug":"bloco-vai-da-m-amplia-doacao-percentual-de-vendas-de-abadas-para-a-appo-e-reforca-solidariedade-no-carnaval","status":"publish","type":"post","link":"https:\/\/tvc16.com\/portal\/2025\/03\/01\/bloco-vai-da-m-amplia-doacao-percentual-de-vendas-de-abadas-para-a-appo-e-reforca-solidariedade-no-carnaval\/","title":{"rendered":"Bloco Vai da M amplia doa\u00e7\u00e3o percentual de vendas de abad\u00e1s para a APPO e refor\u00e7a solidariedade no Carnaval"},"content":{"rendered":"\n<p><em>Agora, 20% do valor dos kits adquiridos no bazar da associa\u00e7\u00e3o ser\u00e1 destinado \u00e0 manuten\u00e7\u00e3o da Casa de Apoio<\/em><\/p>\n\n\n\n<p>Na reta final para o Carnaval, o Bloco Vai da M decidiu ampliar a contribui\u00e7\u00e3o solid\u00e1ria e aumentar o percentual das doa\u00e7\u00f5es para a Associa\u00e7\u00e3o Petropolitana dos Pacientes Oncol\u00f3gicos (APPO). Agora, 20% do valor de cada abad\u00e1 adquirido no bazar da institui\u00e7\u00e3o ser\u00e1 destinado \u00e0 manuten\u00e7\u00e3o da Casa de Apoio, que acolhe pacientes em tratamento contra o c\u00e2ncer. A a\u00e7\u00e3o vale para todas as compras feitas nesta quinta (27\/02) e sexta-feira (28\/02), refor\u00e7ando a parceria entre folia e responsabilidade social.<\/p>\n\n\n\n<p>O kit do abad\u00e1, que inclui tamb\u00e9m um tirante e um copo de 500ml, est\u00e3o dispon\u00edveis por R$ 50 no bazar da APPO, que funciona de segunda a sexta-feira, das 9h \u00e0s 18h, na Rua do Imperador, 842, Loja 4, no Centro de Petr\u00f3polis. O espa\u00e7o est\u00e1 localizado na galeria ao lado do Spoleto, onde antes ficava o guich\u00ea da \u00danica. Os interessados tamb\u00e9m podem obter informa\u00e7\u00f5es pelo WhatsApp (24) 99306-7471.<\/p>\n\n\n\n<p>Para a presidente volunt\u00e1ria da APPO, Ana Cristina Mattos, o aumento do percentual de doa\u00e7\u00e3o fortalece a iniciativa e chega em um momento crucial para a institui\u00e7\u00e3o:<\/p>\n\n\n\n<p>\u201cEssa parceria tem um impacto real na vida dos pacientes acolhidos pela APPO. O in\u00edcio do ano sempre \u00e9 um per\u00edodo dif\u00edcil para arrecada\u00e7\u00e3o, e esse gesto do Vai da M faz toda a diferen\u00e7a. Estamos muito felizes com essa mobiliza\u00e7\u00e3o e contamos com a participa\u00e7\u00e3o de todos para garantir que mais pessoas sejam beneficiadas\u201d, destaca.<\/p>\n\n\n\n<p>O coordenador do bloco, Eduardo Moreira, refor\u00e7ou o compromisso social do Vai da M, que h\u00e1 12 anos se consolidou como um espa\u00e7o de inclus\u00e3o e alegria:<\/p>\n\n\n\n<p>\u201cO Carnaval \u00e9 festa, mas tamb\u00e9m pode ser solidariedade. Nossa hist\u00f3ria sempre teve essa preocupa\u00e7\u00e3o social, e essa a\u00e7\u00e3o com a APPO \u00e9 um reflexo disso. Cada abad\u00e1 vendido no bazar representa uma grande ajuda para quem realmente precisa\u201d, afirma.<\/p>\n\n\n\n<p>Programa\u00e7\u00e3o completa do Bloco Vai da M<br>O desfile do bloco acontece ao som da Banda Vai da M Marchinha, resgatando a irrever\u00eancia e a nostalgia do Carnaval de rua. Com o tema \u201cAme \u2795\ufe0f\u201d, o Vai da M prop\u00f5e uma celebra\u00e7\u00e3o de uni\u00e3o e empatia. Al\u00e9m do desfile oficial, o grupo se apresenta em diversos pontos da cidade:<br>\u2022 S\u00e1bado (24\/02), 18h \u2013 Deguste<br>\u2022 Domingo (25\/02), 16h \u2013 Bohemia<br>\u2022 Sexta-feira (01\/03), 20h \u2013 Bar do Barata<br>\u2022 S\u00e1bado (02\/03), 16h \u2013 Bar Gl\u00f3ria<br>\u2022 Domingo (03\/03), 15h \u2013 Bar Mosela<br>\u2022 Domingo (03\/03), 19h \u2013 Esta\u00e7\u00e3o Locanda<br>\u2022 Segunda-feira (04\/03), 16h \u2013 Bar Gl\u00f3ria<br>\u2022 Ter\u00e7a-feira (05\/03), 15h \u2013 Bar Thebanas<br>\u2022 Ter\u00e7a-feira (05\/03), 19h \u2013 Esta\u00e7\u00e3o Locanda<\/p>\n\n\n\n<p>Com a amplia\u00e7\u00e3o da doa\u00e7\u00e3o dos abad\u00e1s, o Bloco Vai da M reafirma seu compromisso com a cultura e a solidariedade. Al\u00e9m de garantir presen\u00e7a na folia, os foli\u00f5es t\u00eam a oportunidade de contribuir para um projeto essencial para pacientes em tratamento oncol\u00f3gico.<\/p>\n\n\n\n<p><\/p>\n","protected":false},"excerpt":{"rendered":"<p>Agora, 20% do valor dos kits adquiridos no bazar da associa\u00e7\u00e3o ser\u00e1 destinado \u00e0 manuten\u00e7\u00e3o<\/p>\n","protected":false},"author":2,"featured_media":99982,"comment_status":"open","ping_status":"open","sticky":false,"template":"","format":"standard","meta":{"footnotes":""},"categories":[12],"tags":[],"class_list":["post-99981","post","type-post","status-publish","format-standard","has-post-thumbnail","hentry","category-cidade"],"_links":{"self":[{"href":"https:\/\/tvc16.com\/portal\/wp-json\/wp\/v2\/posts\/99981","targetHints":{"allow":["GET"]}}],"collection":[{"href":"https:\/\/tvc16.com\/portal\/wp-json\/wp\/v2\/posts"}],"about":[{"href":"https:\/\/tvc16.com\/portal\/wp-json\/wp\/v2\/types\/post"}],"author":[{"embeddable":true,"href":"https:\/\/tvc16.com\/portal\/wp-json\/wp\/v2\/users\/2"}],"replies":[{"embeddable":true,"href":"https:\/\/tvc16.com\/portal\/wp-json\/wp\/v2\/comments?post=99981"}],"version-history":[{"count":1,"href":"https:\/\/tvc16.com\/portal\/wp-json\/wp\/v2\/posts\/99981\/revisions"}],"predecessor-version":[{"id":99983,"href":"https:\/\/tvc16.com\/portal\/wp-json\/wp\/v2\/posts\/99981\/revisions\/99983"}],"wp:featuredmedia":[{"embeddable":true,"href":"https:\/\/tvc16.com\/portal\/wp-json\/wp\/v2\/media\/99982"}],"wp:attachment":[{"href":"https:\/\/tvc16.com\/portal\/wp-json\/wp\/v2\/media?parent=99981"}],"wp:term":[{"taxonomy":"category","embeddable":true,"href":"https:\/\/tvc16.com\/portal\/wp-json\/wp\/v2\/categories?post=99981"},{"taxonomy":"post_tag","embeddable":true,"href":"https:\/\/tvc16.com\/portal\/wp-json\/wp\/v2\/tags?post=99981"}],"curies":[{"name":"wp","href":"https:\/\/api.w.org\/{rel}","templated":true}]}}