{"id":99993,"date":"2025-03-02T05:00:00","date_gmt":"2025-03-02T08:00:00","guid":{"rendered":"https:\/\/tvc16.com\/portal\/?p=99993"},"modified":"2025-02-28T11:46:20","modified_gmt":"2025-02-28T14:46:20","slug":"projeto-de-lei-aprovado-institui-o-programa-academia-ao-ar-livre-para-todos-no-municipio-de-petropolis","status":"publish","type":"post","link":"https:\/\/tvc16.com\/portal\/2025\/03\/02\/projeto-de-lei-aprovado-institui-o-programa-academia-ao-ar-livre-para-todos-no-municipio-de-petropolis\/","title":{"rendered":"Projeto de Lei aprovado institui o Programa Academia ao Ar Livre para Todos no munic\u00edpio de Petr\u00f3polis"},"content":{"rendered":"\n<p>Foi aprovado nesta quarta-feira (26) o Projeto de Lei 2165\/2024, de autoria da vereadora J\u00falia Casamasso, que institui o Programa \u201cAcademia ao Ar Livre para Todos\u201d, com a finalidade de incentivar a pr\u00e1tica de atividades f\u00edsicas e esportivas por cidad\u00e3os de todas as idades no munic\u00edpio de Petr\u00f3polis.<\/p>\n\n\n\n<p>O projeto visa conscientizar sobre a import\u00e2ncia da pr\u00e1tica regular de exerc\u00edcios f\u00edsicos, a fim de melhorar a qualidade de vida e garantir a preven\u00e7\u00e3o de doen\u00e7as e agravos n\u00e3o transmiss\u00edveis (DANT). Para tal, o texto prev\u00ea a elabora\u00e7\u00e3o e distribui\u00e7\u00e3o de material informativo, al\u00e9m da realiza\u00e7\u00e3o de atividades destinadas a todas as idades, acompanhadas por profissionais capacitados. Tamb\u00e9m est\u00e1 prevista a instala\u00e7\u00e3o de esta\u00e7\u00f5es de calistenia, que consiste no uso do peso do pr\u00f3prio corpo durante o exerc\u00edcio.<\/p>\n\n\n\n<p>O Programa deve ser aplicado em diferentes regi\u00f5es do munic\u00edpio, como forma de democratizar o acesso de cidad\u00e3os dos mais variados bairros, e exigir\u00e1 a disponibiliza\u00e7\u00e3o de equipamentos e instala\u00e7\u00f5es adequadas para pessoas deficientes ou com mobilidade reduzida, em conformidade com os princ\u00edpios e objetivos da Lei Federal n\u00ba 10.098 de 19 de dezembro de 2000.<\/p>\n\n\n\n<p>\u201cA atividade f\u00edsica \u00e9 fundamental em qualquer idade e \u00e9 um dos meios de cuidar da sa\u00fade e ter uma melhor qualidade de vida. Essa pr\u00e1tica vai al\u00e9m da perda de peso e da vaidade, sendo essencial para a preven\u00e7\u00e3o de algumas doen\u00e7as como hipertens\u00e3o e diabetes\u201d, justifica a vereadora.<\/p>\n\n\n\n<p>O munic\u00edpio poder\u00e1 realizar parcerias com outras entidades, \u00f3rg\u00e3os p\u00fablicos e organiza\u00e7\u00f5es da sociedade civil para p\u00f4r o programa em pr\u00e1tica.<\/p>\n\n\n\n<p>O Projeto segue agora para an\u00e1lise do Poder Executivo.<\/p>\n","protected":false},"excerpt":{"rendered":"<p>Foi aprovado nesta quarta-feira (26) o Projeto de Lei 2165\/2024, de autoria da vereadora J\u00falia<\/p>\n","protected":false},"author":2,"featured_media":99994,"comment_status":"open","ping_status":"open","sticky":false,"template":"","format":"standard","meta":{"footnotes":""},"categories":[12],"tags":[],"class_list":["post-99993","post","type-post","status-publish","format-standard","has-post-thumbnail","hentry","category-cidade"],"_links":{"self":[{"href":"https:\/\/tvc16.com\/portal\/wp-json\/wp\/v2\/posts\/99993","targetHints":{"allow":["GET"]}}],"collection":[{"href":"https:\/\/tvc16.com\/portal\/wp-json\/wp\/v2\/posts"}],"about":[{"href":"https:\/\/tvc16.com\/portal\/wp-json\/wp\/v2\/types\/post"}],"author":[{"embeddable":true,"href":"https:\/\/tvc16.com\/portal\/wp-json\/wp\/v2\/users\/2"}],"replies":[{"embeddable":true,"href":"https:\/\/tvc16.com\/portal\/wp-json\/wp\/v2\/comments?post=99993"}],"version-history":[{"count":1,"href":"https:\/\/tvc16.com\/portal\/wp-json\/wp\/v2\/posts\/99993\/revisions"}],"predecessor-version":[{"id":99995,"href":"https:\/\/tvc16.com\/portal\/wp-json\/wp\/v2\/posts\/99993\/revisions\/99995"}],"wp:featuredmedia":[{"embeddable":true,"href":"https:\/\/tvc16.com\/portal\/wp-json\/wp\/v2\/media\/99994"}],"wp:attachment":[{"href":"https:\/\/tvc16.com\/portal\/wp-json\/wp\/v2\/media?parent=99993"}],"wp:term":[{"taxonomy":"category","embeddable":true,"href":"https:\/\/tvc16.com\/portal\/wp-json\/wp\/v2\/categories?post=99993"},{"taxonomy":"post_tag","embeddable":true,"href":"https:\/\/tvc16.com\/portal\/wp-json\/wp\/v2\/tags?post=99993"}],"curies":[{"name":"wp","href":"https:\/\/api.w.org\/{rel}","templated":true}]}}